{"id":5299,"date":"2020-06-19T16:46:52","date_gmt":"2020-06-19T14:46:52","guid":{"rendered":"https:\/\/www.stiklestadpilgrimcenter.org\/?p=5299"},"modified":"2020-08-31T16:39:30","modified_gmt":"2020-08-31T14:39:30","slug":"tilbydersamling-8-9-2020","status":"publish","type":"post","link":"https:\/\/www.stiklestadpilgrimcenter.org\/en_gb\/2020\/06\/19\/tilbydersamling-8-9-2020\/","title":{"rendered":"Tilbydersamling 8\/9-2020"},"content":{"rendered":"\r\n<p>Vi inviterer til fagsamling p\u00e5 Ersgard for tilbydere langs St. Olavsleden den 8. september 2020 kl 17 &#8211; 21.Gratis deltakelse\u00a0<img loading=\"lazy\" src=\"https:\/\/static.xx.fbcdn.net\/images\/emoji.php\/v9\/ta5\/1.5\/16\/1f642.png\" alt=\"?\" width=\"16\" height=\"16\" \/><\/p>\r\n\r\n\r\n\r\n\r\n\r\n<p>Velkommen!<\/p>\r\n\r\n<p><iframe loading=\"lazy\" src=\"https:\/\/docs.google.com\/forms\/d\/e\/1FAIpQLSddjv9ErGYYpLJvfVgV_knFFhLsFbX48m-enzrRba9aZOHqjQ\/viewform?embedded=true\" width=\"640\" height=\"1337\" frameborder=\"0\" marginwidth=\"0\" marginheight=\"0\">Loading\u2026<\/iframe><\/p>","protected":false},"excerpt":{"rendered":"<p>Vi inviterer til fagsamling p\u00e5 Ersgard for tilbydere langs St. Olavsleden den 8. september 2020 kl 17 &#8211; 21.Gratis deltakelse\u00a0 Velkommen! Loading\u2026<\/p>\n","protected":false},"author":1,"featured_media":5302,"comment_status":"open","ping_status":"open","sticky":false,"template":"","format":"standard","meta":{"spay_email":""},"categories":[49],"tags":[],"jetpack_featured_media_url":"https:\/\/www.stiklestadpilgrimcenter.org\/wp-content\/uploads\/2020\/06\/Tunet-p\u00e5-Ersgard.jpg","jetpack_sharing_enabled":true,"jetpack_shortlink":"https:\/\/wp.me\/p8ovk6-1nt","jetpack-related-posts":[{"id":3511,"url":"https:\/\/www.stiklestadpilgrimcenter.org\/en_gb\/2020\/01\/09\/pilgrim-boat-2020\/","url_meta":{"origin":5299,"position":0},"title":"Pilgrim boat from Tautra 2020","date":"January 9, 2020","format":false,"excerpt":"If you are planning on walking the outer route of the St. Olavsleden trail, you will need a boat lift to get from Tautra to Trondheim. There is no ordinary passenger route across the fjord, but there is a special offer for pilgrims. ScheduleThursdays at 3 pm\u00a0 -\u00a0 June 1st\u2026","rel":"","context":"In &quot;Useful tips&quot;","img":{"alt_text":"Photo: Ruben Heijloo","src":"https:\/\/i0.wp.com\/www.stiklestadpilgrimcenter.org\/wp-content\/uploads\/2020\/01\/Ruben-boat.jpg?resize=350%2C200&ssl=1","width":350,"height":200},"classes":[]},{"id":4993,"url":"https:\/\/www.stiklestadpilgrimcenter.org\/en_gb\/2020\/04\/16\/newsletter-for-businesses-and-volunteers\/","url_meta":{"origin":5299,"position":1},"title":"Newsletter for businesses and volunteers","date":"April 16, 2020","format":false,"excerpt":"Pilegrimssenteret har sammen med Visit Innherred i dag sendt ut et nyhetsbrev ang\u00e5ende norsk side av St. Olavsleden til herberger og andre interessenter med r\u00e5d og tiltak for koronasommeren 2020. Les nyhetsbrevet online her: Nyhetsbrev ang\u00e5ende koronasituasjonen","rel":"","context":"In &quot;Useful tips&quot;","img":{"alt_text":"","src":"https:\/\/i0.wp.com\/www.stiklestadpilgrimcenter.org\/wp-content\/uploads\/2019\/10\/20190909_153727-scaled.jpg?resize=350%2C200&ssl=1","width":350,"height":200},"classes":[]},{"id":5180,"url":"https:\/\/www.stiklestadpilgrimcenter.org\/en_gb\/2020\/06\/09\/the-day-of-the-st-olav-ways\/","url_meta":{"origin":5299,"position":2},"title":"The Day of the St. Olav Ways","date":"June 9, 2020","format":"gallery","excerpt":"15 pilgrims and two four-legged took part in the hike on the Pilgrim path's Day on June 7, 2020. The day started in pouring rain at Munkeby monastery ruin. Luckily, the weather eventually got better, and thanks to the pilgrims' high spirits and some very good content from our guide\u2026","rel":"","context":"In &quot;Events&quot;","img":{"alt_text":"","src":"https:\/\/i0.wp.com\/www.stiklestadpilgrimcenter.org\/wp-content\/uploads\/2020\/06\/20200607_083835-scaled.jpg?resize=350%2C200&ssl=1","width":350,"height":200},"classes":[]},{"id":5305,"url":"https:\/\/www.stiklestadpilgrimcenter.org\/en_gb\/2020\/06\/25\/bus-from-verdal-to-stiklestad\/","url_meta":{"origin":5299,"position":3},"title":"Bus from Verdal to Stiklestad","date":"June 25, 2020","format":false,"excerpt":"It is now possible to go by bus from Verdal to Stiklestad (4 km). It doesn't go very often, s\u00e5 check the schedule before you go :) The ticket costs 40,- NOK for an adult. See more prices here. Download the timetable here.","rel":"","context":"In &quot;Useful tips&quot;","img":{"alt_text":"Foto AtB AS","src":"https:\/\/i2.wp.com\/www.stiklestadpilgrimcenter.org\/wp-content\/uploads\/2020\/06\/Regionbuss-landskapsbilde1-scaled.jpg?resize=350%2C200&ssl=1","width":350,"height":200},"classes":[]},{"id":5013,"url":"https:\/\/www.stiklestadpilgrimcenter.org\/en_gb\/2020\/05\/13\/smittevernveileder-for-pilegrimsherberger\/","url_meta":{"origin":5299,"position":4},"title":"Smittevernveileder for pilegrimsherberger","date":"May 13, 2020","format":false,"excerpt":"Sammen med bl.a. annet Nasjonalt pilegrimssenter har vi utarbeidet en smitteverveileder for pilegrimsherberger. I tillegg er det en liste over sp\u00f8rsm\u00e5l og svar. Vi h\u00e5per dette vil v\u00e6re til nytte for herbergene og at vi sammen kan s\u00f8rge for en trygg og fin pilegrimssesong for b\u00e5de oss selv og for\u2026","rel":"","context":"In &quot;Useful tips&quot;","img":{"alt_text":"Photo by Aaron Burden on Unsplash","src":"https:\/\/i1.wp.com\/www.stiklestadpilgrimcenter.org\/wp-content\/uploads\/2020\/05\/aaron-burden-OhvJCnkGNCU-unsplash-scaled.jpg?resize=350%2C200&ssl=1","width":350,"height":200},"classes":[]},{"id":5140,"url":"https:\/\/www.stiklestadpilgrimcenter.org\/en_gb\/2020\/05\/20\/making-the-trail-better-and-safer\/","url_meta":{"origin":5299,"position":5},"title":"Making the trail better and safer","date":"May 20, 2020","format":false,"excerpt":"CHEERS !!! Stiklestad Pilgrim Center has received NOK 109,000 extra from Tr\u00f8ndelag county for the preparation of St. Olavsleden! Now there will be a new route from Kleivdalen to Kvernmoen, path of planks in the bog between Tomtvasslia and Hegglivollen and a turnstile at Skjenstad. We won't have time to\u2026","rel":"","context":"In &quot;Pilgrim Blog&quot;","img":{"alt_text":"Klopping i Stj\u00f8rdal","src":"https:\/\/i1.wp.com\/www.stiklestadpilgrimcenter.org\/wp-content\/uploads\/2020\/05\/20140618_132539.jpg?resize=350%2C200&ssl=1","width":350,"height":200},"classes":[]}],"_links":{"self":[{"href":"https:\/\/www.stiklestadpilgrimcenter.org\/en_gb\/wp-json\/wp\/v2\/posts\/5299"}],"collection":[{"href":"https:\/\/www.stiklestadpilgrimcenter.org\/en_gb\/wp-json\/wp\/v2\/posts"}],"about":[{"href":"https:\/\/www.stiklestadpilgrimcenter.org\/en_gb\/wp-json\/wp\/v2\/types\/post"}],"author":[{"embeddable":true,"href":"https:\/\/www.stiklestadpilgrimcenter.org\/en_gb\/wp-json\/wp\/v2\/users\/1"}],"replies":[{"embeddable":true,"href":"https:\/\/www.stiklestadpilgrimcenter.org\/en_gb\/wp-json\/wp\/v2\/comments?post=5299"}],"version-history":[{"count":8,"href":"https:\/\/www.stiklestadpilgrimcenter.org\/en_gb\/wp-json\/wp\/v2\/posts\/5299\/revisions"}],"predecessor-version":[{"id":5329,"href":"https:\/\/www.stiklestadpilgrimcenter.org\/en_gb\/wp-json\/wp\/v2\/posts\/5299\/revisions\/5329"}],"wp:featuredmedia":[{"embeddable":true,"href":"https:\/\/www.stiklestadpilgrimcenter.org\/en_gb\/wp-json\/wp\/v2\/media\/5302"}],"wp:attachment":[{"href":"https:\/\/www.stiklestadpilgrimcenter.org\/en_gb\/wp-json\/wp\/v2\/media?parent=5299"}],"wp:term":[{"taxonomy":"category","embeddable":true,"href":"https:\/\/www.stiklestadpilgrimcenter.org\/en_gb\/wp-json\/wp\/v2\/categories?post=5299"},{"taxonomy":"post_tag","embeddable":true,"href":"https:\/\/www.stiklestadpilgrimcenter.org\/en_gb\/wp-json\/wp\/v2\/tags?post=5299"}],"curies":[{"name":"wp","href":"https:\/\/api.w.org\/{rel}","templated":true}]}}