{"id":94,"date":"2017-04-29T12:55:39","date_gmt":"2017-04-29T12:55:39","guid":{"rendered":"http:\/\/www.stiklestadpilgrimcenter.org\/?p=94"},"modified":"2017-04-29T19:17:41","modified_gmt":"2017-04-29T19:17:41","slug":"new-beginnings","status":"publish","type":"post","link":"https:\/\/www.stiklestadpilgrimcenter.org\/en_gb\/2017\/04\/29\/new-beginnings\/","title":{"rendered":"New beginnings"},"content":{"rendered":"<p>I&#8217;ve decided to start blogging about the development and everyday life of the pilgrim trail S:T Olavsleden. It&#8217;s one of several St. Olav Ways, all leading to Nidaros Cathedral, where St. Olav is buried. Stiklestad Pilgrim Center&#8217;s job is to delevop this ancient pilgrim path, mainly on the Norwegian side of the border, but in close cooperation with our Swedish neighbours. 2\/3 of the path is in Sweden.<\/p>\n<p>And there is good news from our Swedish neighbours! A new pilgrim center is on it way in Sel\u00e5nger. There used to be a harbour here in medieval times, but the place is now, <a href=\"https:\/\/en.wikipedia.org\/wiki\/Post-glacial_rebound\" target=\"_blank\" rel=\"noopener noreferrer\">due to land rise<\/a>, a few kilometers inland from the city of Sundsvall. It was in Sel\u00e5nger Olav Haraldsson (St. Olav&#8217;s name before he became a saint) landed in 1030 AD with his ships and men, returning from a 2 year long exile in Novgorod. His aim was to reclaim his kingdom from the Danish king, king Knut the Great, who ruled Norway. The trail follows in king Olav\u2019s footsteps to Stiklestad, where he died in battle on July 29<sup>th<\/sup> in 1030. His body was transported to Nidaros where he was declared a saint the year after. You can read the whole story <a href=\"http:\/\/pilegrimsleden.no\/en\/about\/olav-den-hellige\" target=\"_blank\" rel=\"noopener noreferrer\">here<\/a>.<\/p>\n<p>Sel\u00e5nger is the starting point of S:T Olavsleden, leading from the Baltic Sea in Sweden to the Atlantic Ocean in Norway. Since it\u2019s re-opening in 2012, the S:T Olavsleden has attracted more and more pilgrims from both Scandinavia and the rest of the world. <a href=\"https:\/\/www.svenskakyrkan.se\/selanger\" target=\"_blank\" rel=\"noopener noreferrer\">The Congregation at Sel\u00e5nger<\/a> has now rised money and made plans for a new cultural pilgrim center at this historic site. The construction work has just started. An old, magnificent barn will be transformed to place for learning, reflection, dispatchment of pilgrims and more.<\/p>\n<p>I think this is a great idea and initiative. The new center will surely add value to the whole of S:T Olavsleden and be a great resource for pilgrims.<\/p>\n<figure id=\"attachment_135\" aria-describedby=\"caption-attachment-135\" style=\"width: 790px\" class=\"wp-caption aligncenter\"><a href=\"https:\/\/i0.wp.com\/www.stiklestadpilgrimcenter.org\/wp-content\/uploads\/2017\/04\/2017-04-27-15.21.30.jpg\"><img data-attachment-id=\"135\" data-permalink=\"https:\/\/www.stiklestadpilgrimcenter.org\/en_gb\/2017\/04\/29\/new-beginnings\/2017-04-27-15-21-30\/\" data-orig-file=\"https:\/\/www.stiklestadpilgrimcenter.org\/wp-content\/uploads\/2017\/04\/2017-04-27-15.21.30-scaled.jpg\" data-orig-size=\"4032,2268\" data-comments-opened=\"1\" data-image-meta=\"{&quot;aperture&quot;:&quot;1.7&quot;,&quot;credit&quot;:&quot;&quot;,&quot;camera&quot;:&quot;SM-G935F&quot;,&quot;caption&quot;:&quot;&quot;,&quot;created_timestamp&quot;:&quot;1493306490&quot;,&quot;copyright&quot;:&quot;&quot;,&quot;focal_length&quot;:&quot;4.2&quot;,&quot;iso&quot;:&quot;250&quot;,&quot;shutter_speed&quot;:&quot;0.04&quot;,&quot;title&quot;:&quot;&quot;,&quot;orientation&quot;:&quot;1&quot;}\" data-image-title=\"2017-04-27 15.21.30\" data-image-description=\"\" data-image-caption=\"&lt;p&gt;1st floor &#8220;before&#8221; picture. &lt;\/p&gt;\n\" data-medium-file=\"https:\/\/www.stiklestadpilgrimcenter.org\/wp-content\/uploads\/2017\/04\/2017-04-27-15.21.30-300x169.jpg\" data-large-file=\"https:\/\/www.stiklestadpilgrimcenter.org\/wp-content\/uploads\/2017\/04\/2017-04-27-15.21.30-1024x576.jpg\" loading=\"lazy\" class=\"wp-image-135 size-large\" src=\"https:\/\/i1.wp.com\/www.stiklestadpilgrimcenter.org\/wp-content\/uploads\/2017\/04\/2017-04-27-15.21.30-1024x576.jpg?resize=790%2C444\" alt=\"Photo HC Brimi\" width=\"790\" height=\"444\" srcset=\"https:\/\/i2.wp.com\/www.stiklestadpilgrimcenter.org\/wp-content\/uploads\/2017\/04\/2017-04-27-15.21.30-scaled.jpg?resize=1024%2C576&amp;ssl=1 1024w, https:\/\/i2.wp.com\/www.stiklestadpilgrimcenter.org\/wp-content\/uploads\/2017\/04\/2017-04-27-15.21.30-scaled.jpg?resize=300%2C169&amp;ssl=1 300w, https:\/\/i2.wp.com\/www.stiklestadpilgrimcenter.org\/wp-content\/uploads\/2017\/04\/2017-04-27-15.21.30-scaled.jpg?resize=768%2C432&amp;ssl=1 768w, https:\/\/i0.wp.com\/www.stiklestadpilgrimcenter.org\/wp-content\/uploads\/2017\/04\/2017-04-27-15.21.30.jpg?w=1580&amp;ssl=1 1580w, https:\/\/i0.wp.com\/www.stiklestadpilgrimcenter.org\/wp-content\/uploads\/2017\/04\/2017-04-27-15.21.30.jpg?w=2370&amp;ssl=1 2370w\" sizes=\"(max-width: 790px) 100vw, 790px\" data-recalc-dims=\"1\" \/><\/a><figcaption id=\"caption-attachment-135\" class=\"wp-caption-text\">1st floor &#8220;before&#8221; picture.<\/figcaption><\/figure>\n<figure id=\"attachment_138\" aria-describedby=\"caption-attachment-138\" style=\"width: 790px\" class=\"wp-caption aligncenter\"><a href=\"https:\/\/i0.wp.com\/www.stiklestadpilgrimcenter.org\/wp-content\/uploads\/2017\/04\/2017-04-27-15.23.58.jpg\"><img data-attachment-id=\"138\" data-permalink=\"https:\/\/www.stiklestadpilgrimcenter.org\/en_gb\/2017\/04\/29\/new-beginnings\/2017-04-27-15-23-58\/\" data-orig-file=\"https:\/\/www.stiklestadpilgrimcenter.org\/wp-content\/uploads\/2017\/04\/2017-04-27-15.23.58-scaled.jpg\" data-orig-size=\"3989,2192\" data-comments-opened=\"1\" data-image-meta=\"{&quot;aperture&quot;:&quot;1.7&quot;,&quot;credit&quot;:&quot;&quot;,&quot;camera&quot;:&quot;SM-G935F&quot;,&quot;caption&quot;:&quot;&quot;,&quot;created_timestamp&quot;:&quot;1493306638&quot;,&quot;copyright&quot;:&quot;&quot;,&quot;focal_length&quot;:&quot;4.2&quot;,&quot;iso&quot;:&quot;64&quot;,&quot;shutter_speed&quot;:&quot;0.02&quot;,&quot;title&quot;:&quot;&quot;,&quot;orientation&quot;:&quot;1&quot;}\" data-image-title=\"2017-04-27 15.23.58\" data-image-description=\"\" data-image-caption=\"&lt;p&gt;Ground floor &#8220;before&#8221; picture. &lt;\/p&gt;\n\" data-medium-file=\"https:\/\/www.stiklestadpilgrimcenter.org\/wp-content\/uploads\/2017\/04\/2017-04-27-15.23.58-300x165.jpg\" data-large-file=\"https:\/\/www.stiklestadpilgrimcenter.org\/wp-content\/uploads\/2017\/04\/2017-04-27-15.23.58-1024x563.jpg\" loading=\"lazy\" class=\"wp-image-138 size-large\" src=\"https:\/\/i2.wp.com\/www.stiklestadpilgrimcenter.org\/wp-content\/uploads\/2017\/04\/2017-04-27-15.23.58-1024x563.jpg?resize=790%2C434\" alt=\"Photo HC Brimi\" width=\"790\" height=\"434\" srcset=\"https:\/\/i0.wp.com\/www.stiklestadpilgrimcenter.org\/wp-content\/uploads\/2017\/04\/2017-04-27-15.23.58-scaled.jpg?resize=1024%2C563&amp;ssl=1 1024w, https:\/\/i0.wp.com\/www.stiklestadpilgrimcenter.org\/wp-content\/uploads\/2017\/04\/2017-04-27-15.23.58-scaled.jpg?resize=300%2C165&amp;ssl=1 300w, https:\/\/i0.wp.com\/www.stiklestadpilgrimcenter.org\/wp-content\/uploads\/2017\/04\/2017-04-27-15.23.58-scaled.jpg?resize=768%2C422&amp;ssl=1 768w, https:\/\/i0.wp.com\/www.stiklestadpilgrimcenter.org\/wp-content\/uploads\/2017\/04\/2017-04-27-15.23.58.jpg?w=1580&amp;ssl=1 1580w, https:\/\/i0.wp.com\/www.stiklestadpilgrimcenter.org\/wp-content\/uploads\/2017\/04\/2017-04-27-15.23.58.jpg?w=2370&amp;ssl=1 2370w\" sizes=\"(max-width: 790px) 100vw, 790px\" data-recalc-dims=\"1\" \/><\/a><figcaption id=\"caption-attachment-138\" class=\"wp-caption-text\">Ground floor &#8220;before&#8221; picture.<\/figcaption><\/figure>\n<figure id=\"attachment_102\" aria-describedby=\"caption-attachment-102\" style=\"width: 790px\" class=\"wp-caption alignnone\"><a href=\"https:\/\/i1.wp.com\/www.stiklestadpilgrimcenter.org\/wp-content\/uploads\/2017\/04\/2017-04-27-15.33.28-2.jpg\"><img data-attachment-id=\"102\" data-permalink=\"https:\/\/www.stiklestadpilgrimcenter.org\/en_gb\/2017\/04\/29\/new-beginnings\/2017-04-27-15-33-28-3\/\" data-orig-file=\"https:\/\/www.stiklestadpilgrimcenter.org\/wp-content\/uploads\/2017\/04\/2017-04-27-15.33.28-2.jpg\" data-orig-size=\"1300,708\" data-comments-opened=\"1\" data-image-meta=\"{&quot;aperture&quot;:&quot;1.7&quot;,&quot;credit&quot;:&quot;&quot;,&quot;camera&quot;:&quot;SM-G935F&quot;,&quot;caption&quot;:&quot;&quot;,&quot;created_timestamp&quot;:&quot;1493307208&quot;,&quot;copyright&quot;:&quot;&quot;,&quot;focal_length&quot;:&quot;4.2&quot;,&quot;iso&quot;:&quot;50&quot;,&quot;shutter_speed&quot;:&quot;0.00036337209302326&quot;,&quot;title&quot;:&quot;&quot;,&quot;orientation&quot;:&quot;1&quot;}\" data-image-title=\"2017-04-27 15.33.28\" data-image-description=\"\" data-image-caption=\"&lt;p&gt;The medieval church ruin at Sel\u00e5nger. Accordng to legend, Olav Haraldsson laid down the foundation stone for the first church on this site. The ruin is from the 13th century church. &lt;\/p&gt;\n\" data-medium-file=\"https:\/\/www.stiklestadpilgrimcenter.org\/wp-content\/uploads\/2017\/04\/2017-04-27-15.33.28-2-300x163.jpg\" data-large-file=\"https:\/\/www.stiklestadpilgrimcenter.org\/wp-content\/uploads\/2017\/04\/2017-04-27-15.33.28-2-1024x558.jpg\" loading=\"lazy\" class=\"size-large wp-image-102\" src=\"https:\/\/i2.wp.com\/www.stiklestadpilgrimcenter.org\/wp-content\/uploads\/2017\/04\/2017-04-27-15.33.28-2-1024x558.jpg?resize=790%2C430\" alt=\"Photo HC Brimi\" width=\"790\" height=\"430\" srcset=\"https:\/\/i1.wp.com\/www.stiklestadpilgrimcenter.org\/wp-content\/uploads\/2017\/04\/2017-04-27-15.33.28-2.jpg?resize=1024%2C558&amp;ssl=1 1024w, https:\/\/i1.wp.com\/www.stiklestadpilgrimcenter.org\/wp-content\/uploads\/2017\/04\/2017-04-27-15.33.28-2.jpg?resize=300%2C163&amp;ssl=1 300w, https:\/\/i1.wp.com\/www.stiklestadpilgrimcenter.org\/wp-content\/uploads\/2017\/04\/2017-04-27-15.33.28-2.jpg?resize=768%2C418&amp;ssl=1 768w, https:\/\/i1.wp.com\/www.stiklestadpilgrimcenter.org\/wp-content\/uploads\/2017\/04\/2017-04-27-15.33.28-2.jpg?resize=698%2C380&amp;ssl=1 698w, https:\/\/i1.wp.com\/www.stiklestadpilgrimcenter.org\/wp-content\/uploads\/2017\/04\/2017-04-27-15.33.28-2.jpg?w=1300&amp;ssl=1 1300w\" sizes=\"(max-width: 790px) 100vw, 790px\" data-recalc-dims=\"1\" \/><\/a><figcaption id=\"caption-attachment-102\" class=\"wp-caption-text\">The medieval church ruin at Sel\u00e5nger. According to legend, Olav Haraldsson laid down the foundation stone for the first church on this site. The ruin is from the 13th century church.<\/figcaption><\/figure>\n","protected":false},"excerpt":{"rendered":"<p>I&#8217;ve decided to start blogging about the development and everyday life of the pilgrim trail S:T Olavsleden. It&#8217;s one of several St. Olav Ways, all leading to Nidaros Cathedral, where St. Olav is buried. Stiklestad Pilgrim Center&#8217;s job is to delevop this ancient pilgrim path, mainly on the Norwegian side of the border, but in&hellip; <\/p>\n","protected":false},"author":1,"featured_media":102,"comment_status":"open","ping_status":"open","sticky":false,"template":"","format":"standard","meta":{"spay_email":""},"categories":[18],"tags":[20,21,23,19,22],"jetpack_featured_media_url":"https:\/\/www.stiklestadpilgrimcenter.org\/wp-content\/uploads\/2017\/04\/2017-04-27-15.33.28-2.jpg","jetpack_sharing_enabled":true,"jetpack_shortlink":"https:\/\/wp.me\/p8ovk6-1w","jetpack-related-posts":[{"id":555,"url":"https:\/\/www.stiklestadpilgrimcenter.org\/en_gb\/2019\/04\/08\/st-olav-st-olof-or-st-olav\/","url_meta":{"origin":94,"position":0},"title":"St. Olav, S:T Olof or S:T Olav?","date":"April 8, 2019","format":false,"excerpt":"The national saint of Norway goes by many names, and so does the pilgrim path that bears his name. The reasons behind this jumble of names are many. One of them is that this particular pilgrim path goes through two countries. The Swedish abbrevation for \"Saint\" is \"S:T\", in Norway\u2026","rel":"","context":"In &quot;Interreg&quot;","img":{"alt_text":"","src":"https:\/\/i2.wp.com\/www.stiklestadpilgrimcenter.org\/wp-content\/uploads\/2019\/04\/2017-04-26-10.56.08.jpg?resize=350%2C200&ssl=1","width":350,"height":200},"classes":[]},{"id":404,"url":"https:\/\/www.stiklestadpilgrimcenter.org\/en_gb\/2018\/11\/27\/interreg-project-pilgrim-utan-granser\/","url_meta":{"origin":94,"position":1},"title":"Interreg project &#8220;Pilgrim utan gr\u00e4nser&#8221;","date":"November 27, 2018","format":false,"excerpt":"The 3 year\u00a0Interreg Sverige-Norge\u00a0project \"Pilgrim utan gr\u00e4nser\" has been approved! We have been working on this for quite a long time, and now we finally got the financing to do it. Lead partner in Sweden is Sel\u00e5ngers fors\u00e4mling, and Norwegian partner is Stiklestad Pilgrim Center. The Pilgrim without borders-project will\u2026","rel":"","context":"In &quot;Interreg&quot;","img":{"alt_text":"","src":"https:\/\/i0.wp.com\/www.stiklestadpilgrimcenter.org\/wp-content\/uploads\/2018\/11\/2018-11-27-15.37.37-scaled.jpg?resize=350%2C200&ssl=1","width":350,"height":200},"classes":[]},{"id":2259,"url":"https:\/\/www.stiklestadpilgrimcenter.org\/en_gb\/2019\/11\/15\/ridiculously-large-growth-on-st-olavsleden\/","url_meta":{"origin":94,"position":2},"title":"Ridiculously large growth on S:T Olavsleden","date":"November 15, 2019","format":false,"excerpt":"The 2019 pilgrim season is over. We have counted overnight stays at affiliated companies in Norway. Nidaros Pilgrim Center keeps statistics of issued Olav letters for all pilgrim paths. The 2019 numbers are now ready. The number of overnight stays in the region increased by over 35%. Both the inner\u2026","rel":"","context":"With 3 comments","img":{"alt_text":"","src":"https:\/\/i0.wp.com\/www.stiklestadpilgrimcenter.org\/wp-content\/uploads\/2019\/11\/troset.jpg?resize=350%2C200&ssl=1","width":350,"height":200},"classes":[]},{"id":5180,"url":"https:\/\/www.stiklestadpilgrimcenter.org\/en_gb\/2020\/06\/09\/the-day-of-the-st-olav-ways\/","url_meta":{"origin":94,"position":3},"title":"The Day of the St. Olav Ways","date":"June 9, 2020","format":"gallery","excerpt":"15 pilgrims and two four-legged took part in the hike on the Pilgrim path's Day on June 7, 2020. The day started in pouring rain at Munkeby monastery ruin. Luckily, the weather eventually got better, and thanks to the pilgrims' high spirits and some very good content from our guide\u2026","rel":"","context":"In &quot;Events&quot;","img":{"alt_text":"","src":"https:\/\/i0.wp.com\/www.stiklestadpilgrimcenter.org\/wp-content\/uploads\/2020\/06\/20200607_083835-scaled.jpg?resize=350%2C200&ssl=1","width":350,"height":200},"classes":[]},{"id":93,"url":"https:\/\/www.stiklestadpilgrimcenter.org\/en_gb\/2017\/05\/16\/the-runestone-at-selanger\/","url_meta":{"origin":94,"position":4},"title":"The runestone at Sel\u00e5nger","date":"May 16, 2017","format":false,"excerpt":"Since I'm a viking age archaeologist (my thesis was about Scandinavian women in old Rus') I'm more than average excited about runestones. In Norway, there is very few rune stones left, but there's over 2000 of them in Sweden. I'm envious. The runestones were often raised as memorial stones, and\u2026","rel":"","context":"In &quot;Pilgrim Blog&quot;","img":{"alt_text":"Photo HC Brimi","src":"https:\/\/i2.wp.com\/www.stiklestadpilgrimcenter.org\/wp-content\/uploads\/2017\/04\/2017-04-27-15.34.52.jpg?resize=350%2C200&ssl=1","width":350,"height":200},"classes":[]},{"id":5174,"url":"https:\/\/www.stiklestadpilgrimcenter.org\/en_gb\/2020\/06\/09\/a-ga-fra-stiklestad-til-trondheim\/","url_meta":{"origin":94,"position":5},"title":"\u00c5 g\u00e5 fra Stiklestad til Trondheim","date":"June 9, 2020","format":false,"excerpt":"St. Olavsleden starter i Sel\u00e5nger, ved Sveriges \u00f8stkyst og og ender i Nidarosdomen i Trondheim. En strekning p\u00e5 hele 580 kilometer fra start til slutt! Den f\u00f8lger deler av veien som Olav Haraldsson reiste da han sommeren 1030 kom tilbake fra Novgorod i Russland for \u00e5 gjenerobre den norske tronen.\u2026","rel":"","context":"In &quot;Useful tips&quot;","img":{"alt_text":"","src":"https:\/\/i0.wp.com\/www.stiklestadpilgrimcenter.org\/wp-content\/uploads\/2020\/05\/2019-07-23-17.20.32-scaled.jpg?resize=350%2C200&ssl=1","width":350,"height":200},"classes":[]}],"_links":{"self":[{"href":"https:\/\/www.stiklestadpilgrimcenter.org\/en_gb\/wp-json\/wp\/v2\/posts\/94"}],"collection":[{"href":"https:\/\/www.stiklestadpilgrimcenter.org\/en_gb\/wp-json\/wp\/v2\/posts"}],"about":[{"href":"https:\/\/www.stiklestadpilgrimcenter.org\/en_gb\/wp-json\/wp\/v2\/types\/post"}],"author":[{"embeddable":true,"href":"https:\/\/www.stiklestadpilgrimcenter.org\/en_gb\/wp-json\/wp\/v2\/users\/1"}],"replies":[{"embeddable":true,"href":"https:\/\/www.stiklestadpilgrimcenter.org\/en_gb\/wp-json\/wp\/v2\/comments?post=94"}],"version-history":[{"count":10,"href":"https:\/\/www.stiklestadpilgrimcenter.org\/en_gb\/wp-json\/wp\/v2\/posts\/94\/revisions"}],"predecessor-version":[{"id":174,"href":"https:\/\/www.stiklestadpilgrimcenter.org\/en_gb\/wp-json\/wp\/v2\/posts\/94\/revisions\/174"}],"wp:featuredmedia":[{"embeddable":true,"href":"https:\/\/www.stiklestadpilgrimcenter.org\/en_gb\/wp-json\/wp\/v2\/media\/102"}],"wp:attachment":[{"href":"https:\/\/www.stiklestadpilgrimcenter.org\/en_gb\/wp-json\/wp\/v2\/media?parent=94"}],"wp:term":[{"taxonomy":"category","embeddable":true,"href":"https:\/\/www.stiklestadpilgrimcenter.org\/en_gb\/wp-json\/wp\/v2\/categories?post=94"},{"taxonomy":"post_tag","embeddable":true,"href":"https:\/\/www.stiklestadpilgrimcenter.org\/en_gb\/wp-json\/wp\/v2\/tags?post=94"}],"curies":[{"name":"wp","href":"https:\/\/api.w.org\/{rel}","templated":true}]}}