{"id":479,"date":"2019-02-07T16:52:11","date_gmt":"2019-02-07T15:52:11","guid":{"rendered":"http:\/\/www.stiklestadpilgrimcenter.org\/?p=479"},"modified":"2019-03-14T14:27:54","modified_gmt":"2019-03-14T13:27:54","slug":"tilbydersamling-varen-2019","status":"publish","type":"post","link":"https:\/\/www.stiklestadpilgrimcenter.org\/nb\/2019\/02\/07\/tilbydersamling-varen-2019\/","title":{"rendered":"Tilbydersamling v\u00e5ren 2019"},"content":{"rendered":"<p>Regionalt Pilegrimssenter Stiklestad inviterer til tilbydersamling den 3. april p\u00e5 Munkeby Herberge for vertskapet p\u00e5 norsk side. Det koster ingenting \u00e5 delta og vi spanderer kaffe og lunch. P\u00e5meldingsfrist er 30. mars. <\/p>\n\n\n\n<p>P\u00e5meldingsskjema:&nbsp;<a href=\"https:\/\/goo.gl\/forms\/JSI279k8K4WA22Xm1?fbclid=IwAR3mZ5_4Fu6kZRmgHV-0wmpjS__3_m15l0eVPgrFWDjh3Qln2tNAxmohx1U\" rel=\"noreferrer noopener\" target=\"_blank\">https:\/\/goo.gl\/forms\/JSI279k8K4WA22Xm1<\/a><\/p>\n\n\n\n<p>Facebookarrangement: <a href=\"https:\/\/www.facebook.com\/events\/533698200453982\/\">https:\/\/www.facebook.com\/events\/533698200453982\/<\/a><\/p>\n\n\n\n<div class=\"wp-block-image\"><figure class=\"alignleft is-resized\"><img data-attachment-id=\"481\" data-permalink=\"https:\/\/www.stiklestadpilgrimcenter.org\/nb\/2019\/02\/07\/tilbydersamling-varen-2019\/per-steinar-raaen\/\" data-orig-file=\"https:\/\/www.stiklestadpilgrimcenter.org\/wp-content\/uploads\/2019\/02\/Per-Steinar-Raaen.jpg\" data-orig-size=\"960,960\" data-comments-opened=\"1\" data-image-meta=\"{&quot;aperture&quot;:&quot;0&quot;,&quot;credit&quot;:&quot;&quot;,&quot;camera&quot;:&quot;&quot;,&quot;caption&quot;:&quot;&quot;,&quot;created_timestamp&quot;:&quot;0&quot;,&quot;copyright&quot;:&quot;&quot;,&quot;focal_length&quot;:&quot;0&quot;,&quot;iso&quot;:&quot;0&quot;,&quot;shutter_speed&quot;:&quot;0&quot;,&quot;title&quot;:&quot;&quot;,&quot;orientation&quot;:&quot;0&quot;}\" data-image-title=\"Per Steinar Raaen\" data-image-description=\"\" data-image-caption=\"\" data-medium-file=\"https:\/\/www.stiklestadpilgrimcenter.org\/wp-content\/uploads\/2019\/02\/Per-Steinar-Raaen-300x300.jpg\" data-large-file=\"https:\/\/www.stiklestadpilgrimcenter.org\/wp-content\/uploads\/2019\/02\/Per-Steinar-Raaen.jpg\" loading=\"lazy\" src=\"https:\/\/i1.wp.com\/www.stiklestadpilgrimcenter.org\/wp-content\/uploads\/2019\/02\/Per-Steinar-Raaen.jpg?resize=133%2C133\" alt=\"\" class=\"wp-image-481\" width=\"133\" height=\"133\" srcset=\"https:\/\/i1.wp.com\/www.stiklestadpilgrimcenter.org\/wp-content\/uploads\/2019\/02\/Per-Steinar-Raaen.jpg?w=960&amp;ssl=1 960w, https:\/\/i1.wp.com\/www.stiklestadpilgrimcenter.org\/wp-content\/uploads\/2019\/02\/Per-Steinar-Raaen.jpg?resize=150%2C150&amp;ssl=1 150w, https:\/\/i1.wp.com\/www.stiklestadpilgrimcenter.org\/wp-content\/uploads\/2019\/02\/Per-Steinar-Raaen.jpg?resize=300%2C300&amp;ssl=1 300w, https:\/\/i1.wp.com\/www.stiklestadpilgrimcenter.org\/wp-content\/uploads\/2019\/02\/Per-Steinar-Raaen.jpg?resize=768%2C768&amp;ssl=1 768w, https:\/\/i1.wp.com\/www.stiklestadpilgrimcenter.org\/wp-content\/uploads\/2019\/02\/Per-Steinar-Raaen.jpg?resize=600%2C600&amp;ssl=1 600w, https:\/\/i1.wp.com\/www.stiklestadpilgrimcenter.org\/wp-content\/uploads\/2019\/02\/Per-Steinar-Raaen.jpg?resize=100%2C100&amp;ssl=1 100w\" sizes=\"(max-width: 133px) 100vw, 133px\" data-recalc-dims=\"1\" \/><\/figure><\/div>\n\n\n\n<p>Per Steinar Raaen, tidligere fagsjef p\u00e5 Stiklestad Nasjonale Kultursenter kommer til samlingen og holder inspirasjonsforedrag med tittelen <br>&#8220;Fra Olav Haraldsson til Olav den Hellige&#8221;. <br>Vi gleder oss!<\/p>\n\n\n\n<p><strong>Program<\/strong><\/p>\n\n\n\n<p>1000-1030 \u00a0\u00a0\u00a0\u00a0\u00a0\u00a0\u00a0\u00a0 Fra Olav Haraldsson til Olav den hellige. Inspirasjonsforedrag v\/ Per Steinar Raaen<\/p>\n\n\n\n<p>1030-1130 &nbsp;&nbsp;&nbsp;&nbsp;&nbsp;&nbsp;&nbsp;&nbsp; Workshop:\nHvordan kan vi formidle grunnfortellingen om Olav i v\u00e5re m\u00f8ter med pilegrimer?<\/p>\n\n\n\n<p>1130-1215 &nbsp;&nbsp;&nbsp;&nbsp;&nbsp;&nbsp;&nbsp;&nbsp; Lunch<\/p>\n\n\n\n<p>1215-1330&nbsp;&nbsp;&nbsp;&nbsp;&nbsp;&nbsp;&nbsp;&nbsp;&nbsp;&nbsp;&nbsp; Workshop:\nOppsummering av grunnfortellingen.<br>\nUtarbeidelse av St. Olavpitch.<\/p>\n\n\n\n<p>1330-1345 &nbsp;&nbsp;&nbsp;&nbsp;&nbsp;&nbsp;&nbsp;&nbsp; Pause<\/p>\n\n\n\n<p>1345-1430 &nbsp;&nbsp;&nbsp;&nbsp;&nbsp;&nbsp;&nbsp;&nbsp; Bookingl\u00f8sning og sikkerhet for tilbydere\nv\/Visit Innherred<\/p>\n\n\n\n<p>1430 \u2013 1500&nbsp;&nbsp;&nbsp;&nbsp;&nbsp;&nbsp; Presentasjon av St. Olavsleden\nPilegrimsforening v\/Bj\u00f8rn Sandsaunet, styreleder<\/p>\n\n\n\n<p>1500 \u2013 1600 &nbsp;&nbsp;&nbsp;&nbsp;&nbsp; 2018-sesongen oppsummert og planer for ST.\nOlavsleden i 2019 v\/Heidi Carine Brimi<\/p>","protected":false},"excerpt":{"rendered":"<p>Regionalt Pilegrimssenter Stiklestad inviterer til tilbydersamling for vertskapet p\u00e5 norsk side. Programmet er under utarbeiding, men vi kan love ut b\u00e5de inspirasjon og faglig p\u00e5fyll. <\/p>","protected":false},"author":1,"featured_media":480,"comment_status":"open","ping_status":"open","sticky":false,"template":"","format":"standard","meta":{"spay_email":""},"categories":[49],"tags":[29,20,30],"jetpack_featured_media_url":"https:\/\/www.stiklestadpilgrimcenter.org\/wp-content\/uploads\/2019\/02\/2017-05-03-14.15.13.jpg","jetpack_sharing_enabled":true,"jetpack_shortlink":"https:\/\/wp.me\/p8ovk6-7J","jetpack-related-posts":[{"id":5292,"url":"https:\/\/www.stiklestadpilgrimcenter.org\/nb\/2020\/06\/17\/bli-med-pa-olsokvandring-den-29-juli\/","url_meta":{"origin":479,"position":0},"title":"Bli med p\u00e5 olsokvandring den 29. juli","date":"juni 17, 2020","format":false,"excerpt":"Stiklestad pilegrimssenter inviterer sammen med St. Olavsleden pilegrimsforening og Stiklestad Nasjonale Kultursenter til en guidet olsokvandring fra Leksdalsvatnet til Stiklestad den 29. juli. Vandringen er p\u00e5 ca 10 km, og avsluttes med h\u00f8ymesse p\u00e5 Stiklestad kl 1400. Gratis deltakelse\u00a0 Mer informasjon om program og oppm\u00f8tested kommer! Velkommen til olsokvandring! Facebook\u2026","rel":"","context":"i &quot;Events&quot;","img":{"alt_text":"","src":"https:\/\/i1.wp.com\/www.stiklestadpilgrimcenter.org\/wp-content\/uploads\/2020\/06\/2019-07-22-11.00.28-scaled.jpg?resize=350%2C200&ssl=1","width":350,"height":200},"classes":[]},{"id":5013,"url":"https:\/\/www.stiklestadpilgrimcenter.org\/nb\/2020\/05\/13\/smittevernveileder-for-pilegrimsherberger\/","url_meta":{"origin":479,"position":1},"title":"Smittevernveileder for pilegrimsherberger","date":"mai 13, 2020","format":false,"excerpt":"Sammen med bl.a. annet Nasjonalt pilegrimssenter har vi utarbeidet en smitteverveileder for pilegrimsherberger. I tillegg er det en liste over sp\u00f8rsm\u00e5l og svar. Vi h\u00e5per dette vil v\u00e6re til nytte for herbergene og at vi sammen kan s\u00f8rge for en trygg og fin pilegrimssesong for b\u00e5de oss selv og for\u2026","rel":"","context":"i &quot;Useful tips&quot;","img":{"alt_text":"Photo by Aaron Burden on Unsplash","src":"https:\/\/i1.wp.com\/www.stiklestadpilgrimcenter.org\/wp-content\/uploads\/2020\/05\/aaron-burden-OhvJCnkGNCU-unsplash-scaled.jpg?resize=350%2C200&ssl=1","width":350,"height":200},"classes":[]},{"id":5029,"url":"https:\/\/www.stiklestadpilgrimcenter.org\/nb\/2020\/05\/18\/pilegrimsledens-dag-7-juni-vandring-fra-munkeby-kloster-til-alstadhaug-kirke\/","url_meta":{"origin":479,"position":2},"title":"Pilegrimsledens dag 7. juni: Vandring fra Munkeby kloster til Alstadhaug kirke","date":"mai 18, 2020","format":false,"excerpt":"Stiklestad pilegrimssenter markerer sammen med St. Olavsleden Pilegrimsforening Pilegrimsledens dag 2020 med en vakker pilegrimsvandring fra Munkeby klosterruin til Alstadhaug kirke. Vandringen ledes av Hildegunn Eggen. VIKTIG: Grunnet stor interesse og regler om max 50 personer p\u00e5 arrangementer p\u00e5 offentlig sted, er vi n\u00f8dt til \u00e5 ha p\u00e5melding! Alle som\u2026","rel":"","context":"i &quot;Pilgrim Blog&quot;","img":{"alt_text":"","src":"https:\/\/i0.wp.com\/www.stiklestadpilgrimcenter.org\/wp-content\/uploads\/2019\/10\/2019-06-02-09.56.13-scaled.jpg?resize=350%2C200&ssl=1","width":350,"height":200},"classes":[]},{"id":5174,"url":"https:\/\/www.stiklestadpilgrimcenter.org\/nb\/2020\/06\/09\/a-ga-fra-stiklestad-til-trondheim\/","url_meta":{"origin":479,"position":3},"title":"\u00c5 g\u00e5 fra Stiklestad til Trondheim","date":"juni 9, 2020","format":false,"excerpt":"St. Olavsleden starter i Sel\u00e5nger, ved Sveriges \u00f8stkyst og og ender i Nidarosdomen i Trondheim. En strekning p\u00e5 hele 580 kilometer fra start til slutt! Den f\u00f8lger deler av veien som Olav Haraldsson reiste da han sommeren 1030 kom tilbake fra Novgorod i Russland for \u00e5 gjenerobre den norske tronen.\u2026","rel":"","context":"i &quot;Useful tips&quot;","img":{"alt_text":"","src":"https:\/\/i0.wp.com\/www.stiklestadpilgrimcenter.org\/wp-content\/uploads\/2020\/05\/2019-07-23-17.20.32-scaled.jpg?resize=350%2C200&ssl=1","width":350,"height":200},"classes":[]},{"id":5299,"url":"https:\/\/www.stiklestadpilgrimcenter.org\/nb\/2020\/06\/19\/tilbydersamling-8-9-2020\/","url_meta":{"origin":479,"position":4},"title":"Tilbydersamling 8\/9-2020","date":"juni 19, 2020","format":false,"excerpt":"Vi inviterer til fagsamling p\u00e5 Ersgard for tilbydere langs St. Olavsleden den 8. september 2020 kl 17 - 21.Gratis deltakelse\u00a0 Velkommen! Loading\u2026","rel":"","context":"i &quot;Events&quot;","img":{"alt_text":"","src":"https:\/\/i0.wp.com\/www.stiklestadpilgrimcenter.org\/wp-content\/uploads\/2020\/06\/Tunet-p\u00e5-Ersgard.jpg?resize=350%2C200&ssl=1","width":350,"height":200},"classes":[]},{"id":4993,"url":"https:\/\/www.stiklestadpilgrimcenter.org\/nb\/2020\/04\/16\/newsletter-for-businesses-and-volunteers\/","url_meta":{"origin":479,"position":5},"title":"Newsletter for businesses and volunteers","date":"april 16, 2020","format":false,"excerpt":"Pilegrimssenteret har sammen med Visit Innherred i dag sendt ut et nyhetsbrev ang\u00e5ende norsk side av St. Olavsleden til herberger og andre interessenter med r\u00e5d og tiltak for koronasommeren 2020. Les nyhetsbrevet online her: Nyhetsbrev ang\u00e5ende koronasituasjonen","rel":"","context":"i &quot;Useful tips&quot;","img":{"alt_text":"","src":"https:\/\/i0.wp.com\/www.stiklestadpilgrimcenter.org\/wp-content\/uploads\/2019\/10\/20190909_153727-scaled.jpg?resize=350%2C200&ssl=1","width":350,"height":200},"classes":[]}],"_links":{"self":[{"href":"https:\/\/www.stiklestadpilgrimcenter.org\/nb\/wp-json\/wp\/v2\/posts\/479"}],"collection":[{"href":"https:\/\/www.stiklestadpilgrimcenter.org\/nb\/wp-json\/wp\/v2\/posts"}],"about":[{"href":"https:\/\/www.stiklestadpilgrimcenter.org\/nb\/wp-json\/wp\/v2\/types\/post"}],"author":[{"embeddable":true,"href":"https:\/\/www.stiklestadpilgrimcenter.org\/nb\/wp-json\/wp\/v2\/users\/1"}],"replies":[{"embeddable":true,"href":"https:\/\/www.stiklestadpilgrimcenter.org\/nb\/wp-json\/wp\/v2\/comments?post=479"}],"version-history":[{"count":5,"href":"https:\/\/www.stiklestadpilgrimcenter.org\/nb\/wp-json\/wp\/v2\/posts\/479\/revisions"}],"predecessor-version":[{"id":538,"href":"https:\/\/www.stiklestadpilgrimcenter.org\/nb\/wp-json\/wp\/v2\/posts\/479\/revisions\/538"}],"wp:featuredmedia":[{"embeddable":true,"href":"https:\/\/www.stiklestadpilgrimcenter.org\/nb\/wp-json\/wp\/v2\/media\/480"}],"wp:attachment":[{"href":"https:\/\/www.stiklestadpilgrimcenter.org\/nb\/wp-json\/wp\/v2\/media?parent=479"}],"wp:term":[{"taxonomy":"category","embeddable":true,"href":"https:\/\/www.stiklestadpilgrimcenter.org\/nb\/wp-json\/wp\/v2\/categories?post=479"},{"taxonomy":"post_tag","embeddable":true,"href":"https:\/\/www.stiklestadpilgrimcenter.org\/nb\/wp-json\/wp\/v2\/tags?post=479"}],"curies":[{"name":"wp","href":"https:\/\/api.w.org\/{rel}","templated":true}]}}